{"id":4876,"__str__":"Indica\u00e7\u00e3o n\u00ba 180 de 2025","link_detail_backend":"/materia/4876","metadata":{},"numero":180,"ano":2025,"numero_protocolo":null,"data_apresentacao":"2025-04-01","tipo_apresentacao":"","data_publicacao":null,"numero_origem_externa":"","ano_origem_externa":null,"data_origem_externa":null,"apelido":"","dias_prazo":null,"data_fim_prazo":null,"em_tramitacao":true,"polemica":false,"objeto":"","complementar":false,"ementa":"Apresentou Indica\u00e7\u00e3o solicitando que seja enviado of\u00edcio ao Executivo Municipal, sugerindo que seja dado efetivo cumprimento \u00e0 Lei Municipal n\u00ba 5.118, que \u201cinstitui a Semana de Conscientiza\u00e7\u00e3o do Transtorno do Espectro Autista \u2013 TEA no Calend\u00e1rio Oficial do Munic\u00edpio de Irati\u201d, que tem por objetivo informar e orientar a popula\u00e7\u00e3o sobre o autismo, a import\u00e2ncia do diagn\u00f3stico precoce, as formas de tratamento, os servi\u00e7os de apoio \u00e0 fam\u00edlia e respeito ao cidad\u00e3o autista, al\u00e9m de promover a realiza\u00e7\u00e3o de debates, palestras, semin\u00e1rios, audi\u00eancias p\u00fablicas, esclarecimentos, propagandas publicit\u00e1rias e distribui\u00e7\u00e3o de folhetos informativos e explicativos.","indexacao":"","observacao":"","resultado":"","texto_original":null,"data_ultima_atualizacao":"2025-04-08T10:45:21.734442-03:00","ip":"200.66.126.238","ultima_edicao":"2025-04-01T14:35:07.943200-03:00","tipo":11,"regime_tramitacao":1,"tipo_origem_externa":null,"local_origem_externa":null,"user":33,"anexadas":[],"autores":[32]}