{"id":4888,"__str__":"Projeto de Lei do Legislativo n\u00ba 9 de 2025","link_detail_backend":"/materia/4888","metadata":{},"numero":9,"ano":2025,"numero_protocolo":null,"data_apresentacao":"2025-04-01","tipo_apresentacao":"","data_publicacao":null,"numero_origem_externa":"","ano_origem_externa":null,"data_origem_externa":null,"apelido":"","dias_prazo":null,"data_fim_prazo":null,"em_tramitacao":true,"polemica":false,"objeto":"","complementar":false,"ementa":"Denomina a Pra\u00e7a P\u00fablica, localizada no bairro Vila S\u00e3o Pedro, de \u201cPRA\u00c7A PEDRO BETEZEK\u201d.","indexacao":"","observacao":"","resultado":"","texto_original":"http://sapl.irati.pr.leg.br/media/sapl/public/materialegislativa/2025/4888/pll_009_-_denomina_praca_publica_pedro_betezek.pdf","data_ultima_atualizacao":"2025-04-08T11:03:13.182140-03:00","ip":"200.66.126.238","ultima_edicao":"2025-04-04T08:14:25.474675-03:00","tipo":5,"regime_tramitacao":1,"tipo_origem_externa":null,"local_origem_externa":null,"user":27,"anexadas":[],"autores":[4]}