{"id":5866,"__str__":"Projeto de Lei do Legislativo n\u00ba 8 de 2026","link_detail_backend":"/materia/5866","metadata":{},"numero":8,"ano":2026,"numero_protocolo":null,"data_apresentacao":"2026-04-14","tipo_apresentacao":"","data_publicacao":null,"numero_origem_externa":"","ano_origem_externa":null,"data_origem_externa":null,"apelido":"","dias_prazo":null,"data_fim_prazo":null,"em_tramitacao":true,"polemica":false,"objeto":"","complementar":false,"ementa":"Institui no Calend\u00e1rio Oficial de Eventos do Munic\u00edpio de Irati, Estado do Paran\u00e1, a \u201cProva Pedestre Cidade de Irati \u2013 15 de julho\u201d e o \u201cPasseio Cicl\u00edstico Municipal \u2013 Pedal dos Imigrantes\u201d.","indexacao":"","observacao":"","resultado":"","texto_original":"http://sapl.irati.pr.leg.br/media/sapl/public/materialegislativa/2026/5866/pll_008_-_institui_no_calendario_oficial_prova_pedestre_e_passeio_ciclistico.pdf","data_ultima_atualizacao":"2026-04-15T09:56:00.019415-03:00","ip":"186.250.113.166","ultima_edicao":"2026-04-15T09:52:19.514333-03:00","tipo":5,"regime_tramitacao":1,"tipo_origem_externa":null,"local_origem_externa":null,"user":27,"anexadas":[],"autores":[39]}